[{"@context":"https:\/\/schema.org\/","@type":"Article","@id":"https:\/\/www.myubo.cz\/co-by-se-stalo-v-pripade-blackoutu\/#Article","mainEntityOfPage":"https:\/\/www.myubo.cz\/co-by-se-stalo-v-pripade-blackoutu\/","headline":"Co by se stalo v p\u0159\u00edpad\u011b blackoutu","name":"Co by se stalo v p\u0159\u00edpad\u011b blackoutu","description":"O na\u0161\u00ed z\u00e1vislosti na elekt\u0159in\u011b toho bylo naps\u00e1no a\u017e dost. P\u0159esto si mnoz\u00ed prakticky ani neuv\u011bdomuj\u00ed, co p\u0159esn\u011b by pro n\u00e1s znamenalo, kdyby najednou do\u0161lo k\u00a0celosv\u011btov\u00e9mu v\u00fdpadku elekt\u0159iny. Bylo by to pro n\u00e1s toti\u017e mnohem hor\u0161\u00ed, ne\u017e bychom si mohli myslet. Je tedy dobr\u00e9 vid\u011bt, co to p\u0159esn\u011b znamen\u00e1 a jak se na to m\u016f\u017eeme [&hellip;]","datePublished":"2023-12-29","dateModified":"2023-12-29","author":{"@type":"Person","@id":"https:\/\/www.myubo.cz\/author\/#Person","name":"myubo.cz","url":"https:\/\/www.myubo.cz\/author\/","identifier":1,"image":{"@type":"ImageObject","@id":"https:\/\/secure.gravatar.com\/avatar\/ddbdb36321e5b7d4d861793930db080587341c870bd6ed87a3d36e707e2e9ae3?s=96&d=mm&r=g","url":"https:\/\/secure.gravatar.com\/avatar\/ddbdb36321e5b7d4d861793930db080587341c870bd6ed87a3d36e707e2e9ae3?s=96&d=mm&r=g","height":96,"width":96}},"publisher":{"@type":"Organization","name":"myubo.cz","logo":{"@type":"ImageObject","@id":"\/logo.png","url":"\/logo.png","width":600,"height":60}},"image":{"@type":"ImageObject","@id":"https:\/\/www.myubo.cz\/wp-content\/uploads\/elektronika1_5.jpg","url":"https:\/\/www.myubo.cz\/wp-content\/uploads\/elektronika1_5.jpg","height":0,"width":0},"url":"https:\/\/www.myubo.cz\/co-by-se-stalo-v-pripade-blackoutu\/","about":["Elektro"],"wordCount":401,"articleBody":"O na\u0161\u00ed z\u00e1vislosti na elekt\u0159in\u011b toho bylo naps\u00e1no a\u017e dost. P\u0159esto si mnoz\u00ed prakticky ani neuv\u011bdomuj\u00ed, co p\u0159esn\u011b by pro n\u00e1s znamenalo, kdyby najednou do\u0161lo k\u00a0celosv\u011btov\u00e9mu v\u00fdpadku elekt\u0159iny. Bylo by to pro n\u00e1s toti\u017e mnohem hor\u0161\u00ed, ne\u017e bychom si mohli myslet. Je tedy dobr\u00e9 vid\u011bt, co to p\u0159esn\u011b znamen\u00e1 a jak se na to m\u016f\u017eeme alespo\u0148 \u010d\u00e1ste\u010dn\u011b p\u0159ipravit.\u00a0V\u00a0prvn\u00ed \u0159ad\u011b je pot\u0159eba si uv\u011bdomit, \u017ee by ode\u0161ly v\u00a0podstat\u011b ve\u0161ker\u00e9 na\u0161e dom\u00e1c\u00ed p\u0159\u00edstroje. Zde si obvykle p\u0159edstav\u00edme nap\u0159\u00edklad televizi nebo kuchy\u0148sk\u00e9 p\u0159\u00edstroje. Ov\u0161em nejde jen o ty. Znamenalo by to tak\u00e9 konec elekt\u0159iny, mraz\u00e1ku \u010di klimatizace. A zvl\u00e1\u0161t\u011b v\u00a0l\u00e9t\u011b se bez lednice neobejdeme, ani bez mraz\u00e1ku. A to plat\u00ed p\u0159edev\u0161\u00edm v\u00a0panel\u00e1ku.\u00a0\u00a0Dal\u0161\u00edm probl\u00e9mem bude v\u00a0zim\u011b voda a topen\u00ed. Tepl\u00e1 voda je toti\u017e \u010dasto oh\u0159\u00edv\u00e1na pr\u00e1v\u011b elekt\u0159inou, a elekt\u0159inou je tak\u00e9 poh\u00e1n\u011bno topen\u00ed. Pokud bychom tedy elekt\u0159inu nem\u011bli, byli bychom v\u00a0l\u00e9t\u011b bez lednice, tak\u017ee by nebylo mo\u017en\u00e9 uchov\u00e1vat potraviny, a v\u00a0zim\u011b bez topen\u00ed. Zapomenout nem\u016f\u017eeme ani na to, \u017ee mnoz\u00ed z\u00a0n\u00e1s maj\u00ed elektrickou varnou desku, p\u0159\u00edpadn\u011b elektrick\u00fd spor\u00e1k a troubu. V\u00a0podstat\u011b pak tedy nebudou m\u00edt kde va\u0159it.\u00a0\u00a0Pak je tu tak\u00e9 nemocni\u010dn\u00ed vybaven\u00ed. Mnoh\u00e9 p\u0159\u00edstroje toti\u017e udr\u017euj\u00ed lidi p\u0159i \u017eivot\u011b. Bez nich by zem\u0159eli. Dal\u0161\u00ed jsou zase nezbytn\u00e9 pro diagnostiku, p\u0159\u00edpadn\u011b je nutn\u00e9 jejich pravideln\u00e9 u\u017e\u00edv\u00e1n\u00ed. P\u0159\u00edkladem m\u016f\u017ee b\u00fdt nap\u0159\u00edklad p\u0159\u00edstroj na dial\u00fdzu. Tu pot\u0159ebuje mnoho lid\u00ed, av\u0161ak bez elekt\u0159iny nebude fungovat.\u00a0Opomenout nesm\u00edme ani fakt, \u017ee by se doslova rozpadl ve\u0161ker\u00fd obchod. Dnes je toti\u017e v\u0161e \u0159e\u0161eno elektronicky, a\u0165 jde o evidenci tr\u017eeb, sledov\u00e1n\u00ed skladov\u00fdch z\u00e1sob, a mnoh\u00e9 dal\u0161\u00ed. Nehled\u011b na fakt, \u017ee na v\u00fdrobu ve\u0161ker\u00fdch produkt\u016f je elekt\u0159ina nezbytn\u00e1.\u00a0Je tak celkem jasn\u00e9, \u017ee by p\u0159\u00edpadn\u00fd z\u00e1nik elekt\u0159iny znamenal celosv\u011btov\u00fd kolaps. A v\u00a0sou\u010dasn\u00e9 dob\u011b se na n\u011bj nejde nijak p\u0159ipravit. Je tak\u00e9 pravd\u011bpodobn\u00e9, \u017ee v\u00a0budoucnu bude situace je\u0161t\u011b hor\u0161\u00ed.                                                                                                                                                                                                                                                                                                                                                                                        4.1\/5 - (7 votes)        "},{"@context":"https:\/\/schema.org\/","@type":"BreadcrumbList","itemListElement":[{"@type":"ListItem","position":1,"name":"Co by se stalo v p\u0159\u00edpad\u011b blackoutu","item":"https:\/\/www.myubo.cz\/co-by-se-stalo-v-pripade-blackoutu\/#breadcrumbitem"}]}]